{"id":3129,"date":"2019-11-12T19:26:07","date_gmt":"2019-11-12T19:26:07","guid":{"rendered":"https:\/\/votcorect.ro\/prezidentiale-2019\/?p=3129"},"modified":"2019-11-12T19:26:13","modified_gmt":"2019-11-12T19:26:13","slug":"concluzii-preliminare-ale-observarii-primului-tur-al-alegerilor-prezidentiale","status":"publish","type":"post","link":"https:\/\/votcorect.ro\/prezidentiale-2019\/concluzii-preliminare-ale-observarii-primului-tur-al-alegerilor-prezidentiale\/","title":{"rendered":"Concluzii preliminare ale observ\u0103rii primului tur al alegerilor preziden\u021biale"},"content":{"rendered":"<h5>Date despre observare<\/h5>\n<p>FiecareVot a observat votul \u00een avans, activitatea birourilor electorale pentru votul prin coresponden\u021b\u0103 \u0219i votarea \u015fi num\u0103rarea voturilor \u00een ziua de duminic\u0103 \u00een sec\u021biile de votare din \u0163ar\u0103 \u015fi din str\u0103in\u0103tate. De asemenea, a organizat \u00eent\u00e2lniri cu interlocutori institu\u021bionali \u2013 \u00a0Autoritatea Electoral\u0103 Permanent\u0103, Serviciul de Telecomunica\u021bii Speciale, birouri electorale \u2013 \u0219i se va \u00eent\u00e2lni \u00een perioada urm\u0103toare cu alte institu\u021bii implicate \u00een organizarea alegerilor, urm\u00e2nd s\u0103 se \u00eent\u00e2lneasc\u0103 cu Ministerul Afacerilor Externe \u0219i Po\u0219ta Rom\u00e2n\u0103.<\/p>\n<div style=\"border: 1px solid #CCF; background-color: lightyellow; float: right; margin-left: 1em; display: inline-block; padding: 1.25ex; box-shadow: 1px 2px 3px rgba(0,0,0,.2); border-radius: .5ex; text-align: center;\">\n<h5 style=\"margin-bottom: .5ex;\"><strong>Concluzii Tur 1<\/strong><\/h5>\n<p style=\"margin: 0;\">&#x1f4c1; <strong><a href=\"https:\/\/fiecarevot.ro\/wp-content\/uploads\/2019\/11\/Concluzii-tur1.pdf\">PDF<\/a><\/strong> \/ <a href=\"https:\/\/fiecarevot.ro\/wp-content\/uploads\/2019\/11\/concluzii-tur-1-doc.docx\">DOCX<\/a><\/p>\n<\/div>\n<p>Datele din prezentul document nu reflect\u0103 \u00eentreaga activitate FiecareVot, ci doar informa\u021biile ob\u021binute prin intermediul aplica\u021biei <strong>Monitorizare Vot<\/strong> dezvoltat\u0103 de Code 4 Romania p\u00e2n\u0103 duminic\u0103 la ora 23:00. Pentru primul tur de scrutin au fost acredita\u021bi peste 600 de observatori. Pe parcursul zilei de duminic\u0103 au fost observate 1488 sec\u021bii de votare cu ajutorul aplica\u021biei. Num\u0103rarea din duminica votului cuprinde informa\u021bii din 231 de sec\u021bii de votare. Datele vor fi actualizate \u00een raportul final.<\/p>\n<p>Mai multe informa\u021bii pute\u021bi g\u0103si pe <a href=\"http:\/\/www.votcorect.ro\">votcorect.ro<\/a> \u0219i <a href=\"http:\/\/www.fiecarevot.ro\/comunicate\">fiecarevot.ro\/comunicate<\/a>.<\/p>\n<h3>\u00cenregistrarea conferin\u021bei de pres\u0103<\/h3>\n<p>https:\/\/www.facebook.com\/ExpertForum\/videos\/2385730571681703\/<\/p>\n<hr \/>\n<p>Reluam aici o parte din graficele din raport:<\/p>\n<h4>1. Situa\u021bia contribu\u021biilor electorale depuse de competitorii electorali pentru finan\u021barea campaniei electorale<\/h4>\n<figure id=\"attachment_840\" aria-describedby=\"caption-attachment-840\" style=\"width: 980px\" class=\"wp-caption alignnone\"><img loading=\"lazy\" decoding=\"async\" class=\"wp-image-840 size-full\" src=\"https:\/\/fiecarevot.ro\/wp-content\/uploads\/2019\/11\/situatia-contributiilor-financiare.png\" alt=\"\" width=\"980\" height=\"720\" \/><figcaption id=\"caption-attachment-840\" class=\"wp-caption-text\">Situa\u021bia contribu\u021biilor electorale depuse de competitorii electorali pentru finan\u021barea campaniei electorale pentru alegerea Pre\u0219edintelui Rom\u00e2niei din 10 &#8211; noiembrie 2019<\/figcaption><\/figure>\n<h4>2. Func\u021bionare SIMPV<\/h4>\n<p><iframe loading=\"lazy\" style=\"border: none;\" src=\"https:\/\/docs.google.com\/spreadsheets\/d\/e\/2PACX-1vSJa4YKkPlCL43FFyxPgCP6Zk03Ex9vKSrKuXs21LpEQeO7kv1gnLMd_VJxxG5SSw\/pubchart?oid=1680746310&amp;format=interactive\" width=\"640\" height=\"460\"><\/iframe><\/p>\n<h4>3. C\u00e2t de bine au \u00een\u021beles aleg\u0103torii procedura de votare<\/h4>\n<p><iframe loading=\"lazy\" style=\"border: none;\" src=\"https:\/\/docs.google.com\/spreadsheets\/d\/e\/2PACX-1vSJa4YKkPlCL43FFyxPgCP6Zk03Ex9vKSrKuXs21LpEQeO7kv1gnLMd_VJxxG5SSw\/pubchart?oid=1841971980&amp;format=interactive\" width=\"640\" height=\"460\"><\/iframe><\/p>\n<h4>4. C\u00e2t de bine \u00een\u0163eleg membrii BESV procedura de votare<\/h4>\n<p><iframe loading=\"lazy\" style=\"border: none;\" src=\"https:\/\/docs.google.com\/spreadsheets\/d\/e\/2PACX-1vSJa4YKkPlCL43FFyxPgCP6Zk03Ex9vKSrKuXs21LpEQeO7kv1gnLMd_VJxxG5SSw\/pubchart?oid=109027030&amp;format=interactive\" width=\"640\" height=\"460\"><\/iframe><\/p>\n","protected":false},"excerpt":{"rendered":"<p>Date despre observare FiecareVot a observat votul \u00een avans, activitatea birourilor electorale pentru votul prin coresponden\u021b\u0103 \u0219i votarea \u015fi num\u0103rarea voturilor \u00een ziua de duminic\u0103 \u00een sec\u021biile de votare din \u0163ar\u0103 \u015fi din str\u0103in\u0103tate. De asemenea, a organizat \u00eent\u00e2lniri cu interlocutori institu\u021bionali \u2013 \u00a0Autoritatea Electoral\u0103 Permanent\u0103, Serviciul de Telecomunica\u021bii Speciale, birouri electorale \u2013 \u0219i se [&hellip;]<\/p>\n","protected":false},"author":2,"featured_media":0,"comment_status":"closed","ping_status":"closed","sticky":false,"template":"","format":"standard","meta":{"_acf_changed":false,"footnotes":""},"categories":[1],"tags":[],"class_list":["post-3129","post","type-post","status-publish","format-standard","hentry","category-fara-categorie"],"acf":[],"_links":{"self":[{"href":"https:\/\/votcorect.ro\/prezidentiale-2019\/wp-json\/wp\/v2\/posts\/3129","targetHints":{"allow":["GET"]}}],"collection":[{"href":"https:\/\/votcorect.ro\/prezidentiale-2019\/wp-json\/wp\/v2\/posts"}],"about":[{"href":"https:\/\/votcorect.ro\/prezidentiale-2019\/wp-json\/wp\/v2\/types\/post"}],"author":[{"embeddable":true,"href":"https:\/\/votcorect.ro\/prezidentiale-2019\/wp-json\/wp\/v2\/users\/2"}],"replies":[{"embeddable":true,"href":"https:\/\/votcorect.ro\/prezidentiale-2019\/wp-json\/wp\/v2\/comments?post=3129"}],"version-history":[{"count":1,"href":"https:\/\/votcorect.ro\/prezidentiale-2019\/wp-json\/wp\/v2\/posts\/3129\/revisions"}],"predecessor-version":[{"id":3130,"href":"https:\/\/votcorect.ro\/prezidentiale-2019\/wp-json\/wp\/v2\/posts\/3129\/revisions\/3130"}],"wp:attachment":[{"href":"https:\/\/votcorect.ro\/prezidentiale-2019\/wp-json\/wp\/v2\/media?parent=3129"}],"wp:term":[{"taxonomy":"category","embeddable":true,"href":"https:\/\/votcorect.ro\/prezidentiale-2019\/wp-json\/wp\/v2\/categories?post=3129"},{"taxonomy":"post_tag","embeddable":true,"href":"https:\/\/votcorect.ro\/prezidentiale-2019\/wp-json\/wp\/v2\/tags?post=3129"}],"curies":[{"name":"wp","href":"https:\/\/api.w.org\/{rel}","templated":true}]}}