{"id":3496,"date":"2020-08-18T08:12:07","date_gmt":"2020-08-18T08:12:07","guid":{"rendered":"https:\/\/votcorect.ro\/locale-2020\/?p=3496"},"modified":"2020-08-18T08:12:07","modified_gmt":"2020-08-18T08:12:07","slug":"comentarii-referitoare-la-raportul-privind-masurile-pentru-organizarea-alegerilor-publicat-de-guvern","status":"publish","type":"post","link":"https:\/\/votcorect.ro\/locale-2020\/comentarii-referitoare-la-raportul-privind-masurile-pentru-organizarea-alegerilor-publicat-de-guvern\/","title":{"rendered":"Comentarii referitoare la raportul privind m\u0103surile pentru organizarea alegerilor publicat de Guvern"},"content":{"rendered":"<p>Expert Forum si Observatorul Electoral au transmis Guvernului, Autorit\u0103\u021bii Electorale Permanente \u0219i Biroului Electoral Central <a href=\"https:\/\/expertforum.ro\/wp-content\/uploads\/2020\/08\/Comentarii_FV-alegeri.pdf\">o list\u0103 de considera\u021bii<\/a> privind <a href=\"https:\/\/gov.ro\/ro\/stiri\/raport-privind-masurile-ce-urmeaza-a-fi-intreprinse-pentru-limitarea-raspandirii-virusului-sars-cov-2-i-detalierea-planului-de-masuri-avute-in-vedere-pentru-organizarea-alegerilor-locale-i-a-deschiderii-colilor\">planul publicat de Guvern<\/a>, care trateaz\u0103 organizarea alegerilor locale din 2020.<\/p>\n<div class=\"ead-preview\"><div class=\"ead-document\" style=\"position: relative;padding-top: 90%;\"><div class=\"ead-iframe-wrapper\"><iframe src=\"\/\/docs.google.com\/viewer?url=https%3A%2F%2Fexpertforum.ro%2Fwp-content%2Fuploads%2F2020%2F08%2FComentarii_FV-1.pdf&amp;embedded=true&amp;hl=en\" title=\"Embedded Document\" class=\"ead-iframe\" style=\"width: 100%;height: 100%;border: none;position: absolute;left: 0;top: 0;visibility: hidden;\"><\/iframe><\/div>\t\t\t<div class=\"ead-document-loading\" style=\"width:100%;height:100%;position:absolute;left:0;top:0;z-index:10;\">\n\t\t\t\t<div class=\"ead-loading-wrap\">\n\t\t\t\t\t<div class=\"ead-loading-main\">\n\t\t\t\t\t\t<div class=\"ead-loading\">\n\t\t\t\t\t\t\t<img loading=\"lazy\" decoding=\"async\" src=\"https:\/\/votcorect.ro\/locale-2020\/wp-content\/plugins\/embed-any-document\/images\/loading.svg\" width=\"55\" height=\"55\" alt=\"Loader\">\n\t\t\t\t\t\t\t<span>Loading...<\/span>\n\t\t\t\t\t\t<\/div>\n\t\t\t\t\t<\/div>\n\t\t\t\t\t<div class=\"ead-loading-foot\">\n\t\t\t\t\t\t<div class=\"ead-loading-foot-title\">\n\t\t\t\t\t\t\t<img loading=\"lazy\" decoding=\"async\" src=\"https:\/\/votcorect.ro\/locale-2020\/wp-content\/plugins\/embed-any-document\/images\/EAD-logo.svg\" alt=\"EAD Logo\" width=\"36\" height=\"23\"\/>\n\t\t\t\t\t\t\t<span>Taking too long?<\/span>\n\t\t\t\t\t\t<\/div>\n\t\t\t\t\t\t<p>\n\t\t\t\t\t\t\t<div class=\"ead-document-btn ead-reload-btn\" role=\"button\">\n\t\t\t\t\t\t\t\t<img loading=\"lazy\" decoding=\"async\" src=\"https:\/\/votcorect.ro\/locale-2020\/wp-content\/plugins\/embed-any-document\/images\/reload.svg\" alt=\"Reload\" width=\"12\" height=\"12\"\/> Reload document\t\t\t\t\t\t\t<\/div>\n\t\t\t\t\t\t\t<span>|<\/span>\n\t\t\t\t\t\t\t<a href=\"https:\/\/expertforum.ro\/wp-content\/uploads\/2020\/08\/Comentarii_FV-1.pdf\" class=\"ead-document-btn\" target=\"_blank\">\n\t\t\t\t\t\t\t\t<img loading=\"lazy\" decoding=\"async\" src=\"https:\/\/votcorect.ro\/locale-2020\/wp-content\/plugins\/embed-any-document\/images\/open.svg\" alt=\"Open\" width=\"12\" height=\"12\"\/> Open in new tab\t\t\t\t\t\t\t<\/a>\n\t\t\t\t\t<\/div>\n\t\t\t\t<\/div>\n\t\t\t<\/div>\n\t\t<\/div><p class=\"embed_download\"><a href=\"https:\/\/expertforum.ro\/wp-content\/uploads\/2020\/08\/Comentarii_FV-1.pdf\" download>Download [600.40 KB] <\/a><\/p><\/div>\n<p>&nbsp;<\/p>\n<p>Principalele comentarii:<\/p>\n<ul>\n<li><strong>Anumite m\u0103suri sunt greu de aplicat \u00een realitate sau necesit\u0103 reglement\u0103ri suplimentare<\/strong>. De exemplu, m\u0103surarea temperaturii aleg\u0103torilor \u00een sec\u021biilor de votare trebuie definit\u0103 mai clar. De asemenea, votul persoanelor din izolare \u0219i carantin\u0103 trebuie reglementat, \u00eentruc\u00e2t legisla\u021bia actual\u0103 are anumite limit\u0103ri, normele privind utilizarea urnei speciale neacoperind \u00een mod specific \u0219i astfel de situa\u021bii. O solu\u021bie viabil\u0103 ar fi fost introducerea votului prin coresponden\u021b\u0103 doar pentru aceste categorii sau introducerea unei forme de vot \u00een avans. De altfel, votul \u00een avans, pe mai multe zile ar fi ajutat la organizarea alegerilor f\u0103r\u0103 a genera aglomera\u021bie \u00een sec\u021biile de votare.<\/li>\n<\/ul>\n<p><a href=\"#_ftnref1\" name=\"_ftn1\"><\/a><\/p>\n<ul>\n<li>\u00centruc\u00e2t perioada r\u0103mas\u0103 este scurt\u0103, consider\u0103m c\u0103 Guvernul Rom\u00e2niei, Autoritatea Electoral\u0103 Permanent\u0103 \u0219i Biroul Electoral Central trebuie s\u0103 instituie \u0219i s\u0103 publice<strong> reguli clare de protec\u021bie privind toate etapele procesului electoral<\/strong> (incluz\u00e2nd campania electoral\u0103, actualizarea listelor electorale, preg\u0103tirea membrilor birourilor electorale etc). Apreciem c\u0103 exist\u0103 un set de recomand\u0103ri \u0219i m\u0103suri, \u00eens\u0103 credem c\u0103 acestea trebuie transpuse \u00een timp util \u00een reglement\u0103ri aplicabile tuturor participan\u021bilor la procesul electoral.<\/li>\n<li><strong>Regulile trebuie \u00eenso\u021bite \u0219i de sanc\u021biuni disuasive<\/strong>, pentru a permite desf\u0103\u0219urarea procesului electoral \u00een condi\u021bii optime. Astfel spus, este nevoie \u0219i de implementarea ferm\u0103 a m\u0103surilor la nivel practic. Dac\u0103 membrii comisiilor electorale, personalul \u00eens\u0103rcinat cu paza, operatorul SIMPV, persoanele acreditate, aleg\u0103torii nu respect\u0103 aceste m\u0103suri, \u00eentreaga desf\u0103\u0219urare a procesului de votare \u00een sec\u021bia respectiv\u0103 poate fi compromis\u0103.<\/li>\n<li>Publicarea din timp, \u00een mod regulat, <strong>a unor statistici privind num\u0103rul membrilor Corpului Exper\u021bilor Electorali care pot participa la proces<\/strong>. De asemenea, apreciem faptul c\u0103 AEP realizeaz\u0103 o evaluare a sec\u021biilor de votare; consider\u0103m c\u0103 trebuie s\u0103 prezinte public c\u00e2t mai cur\u00e2nd rezultatele acesteia \u0219i m\u0103surile alternative de organizare identificate.<\/li>\n<li>Organizarea, pe c\u00e2t posibil, a<strong> sesiunilor de preg\u0103tire pentru membrii birourilor electorale prin mijloace on-line<\/strong> pentru a reduce riscurile de transmitere a COVID-19.<\/li>\n<li>Elaborarea unui <strong>plan clar de ac\u021biuni pentru centralizarea rezultatelor la nivelul birourilor electorale de circumscrip\u021bie<\/strong>, locuri \u00een care \u00een general se creeaz\u0103 aglomera\u021bie, mai ales la alegerile locale. Cu alte cuvinte, trebuie s\u0103 existe o planificare eficient\u0103 care s\u0103 reduc\u0103 cozile pentru predarea documentelor la birourile electorale superioare \u0219i s\u0103 reduc\u0103 timpii de a\u0219teptare a reprezentan\u021bilor BESV.<\/li>\n<li><strong>Adaptarea unor etape ale procesului electoral, prin utilizarea mijloacelor electronice<\/strong>. C\u00e2teva exemple sunt: \u00eenscrierea \u00een Registrul electoral de c\u0103tre votan\u021bii care \u0219i-au schimbat re\u0219edin\u021ba (art 18), \u00eenaintarea de \u00eent\u00e2mpin\u0103ri \u0219i contesta\u021bii, cererile pentru utilizarea urnei speciale.<\/li>\n<li>Guvernul \u0219i AEP trebuie s\u0103 desf\u0103\u0219oare o <strong>campanie de informare sus\u021binut\u0103<\/strong>, prin instrumente c\u00e2t mai diverse \u0219i adaptate tuturor categoriilor de participan\u021bi la procesul electoral (radio, TV, online, inclusiv pentru minorit\u0103\u021bile na\u021bionale \u0219i pentru persoanele cu dizabilit\u0103\u021bi) cu privire la m\u0103surile speciale \u00een timp util, pentru a permite aleg\u0103torilor s\u0103 \u00een\u021beleag\u0103 care sunt modific\u0103rile \u0219i cum trebuie s\u0103 se comporte \u00een timpul procesului electoral (campanie, ziua votului \u0219i altele).<\/li>\n<li>Elaborarea acestor proceduri trebuie s\u0103 se realizeze prin <strong>consultarea<\/strong> reprezentan\u021bilor societ\u0103\u021bii civile (organiza\u021biile care observ\u0103 alegerile, spre exemplu), exper\u021bilor electorali \u0219i a altor entit\u0103\u021bi interesate, care pot contribui cu expertiz\u0103<\/li>\n<\/ul>\n","protected":false},"excerpt":{"rendered":"<p>Expert Forum si Observatorul Electoral au transmis Guvernului, Autorit\u0103\u021bii Electorale Permanente \u0219i Biroului Electoral Central o list\u0103 de considera\u021bii privind planul publicat de Guvern, care trateaz\u0103 organizarea alegerilor locale din 2020. &nbsp; Principalele comentarii: Anumite m\u0103suri sunt greu de aplicat \u00een realitate sau necesit\u0103 reglement\u0103ri suplimentare. De exemplu, m\u0103surarea temperaturii aleg\u0103torilor \u00een sec\u021biilor de votare [&hellip;]<\/p>\n","protected":false},"author":2,"featured_media":3497,"comment_status":"closed","ping_status":"closed","sticky":false,"template":"","format":"standard","meta":{"_acf_changed":false,"footnotes":""},"categories":[1],"tags":[],"class_list":["post-3496","post","type-post","status-publish","format-standard","has-post-thumbnail","hentry","category-fara-categorie"],"acf":[],"_links":{"self":[{"href":"https:\/\/votcorect.ro\/locale-2020\/wp-json\/wp\/v2\/posts\/3496","targetHints":{"allow":["GET"]}}],"collection":[{"href":"https:\/\/votcorect.ro\/locale-2020\/wp-json\/wp\/v2\/posts"}],"about":[{"href":"https:\/\/votcorect.ro\/locale-2020\/wp-json\/wp\/v2\/types\/post"}],"author":[{"embeddable":true,"href":"https:\/\/votcorect.ro\/locale-2020\/wp-json\/wp\/v2\/users\/2"}],"replies":[{"embeddable":true,"href":"https:\/\/votcorect.ro\/locale-2020\/wp-json\/wp\/v2\/comments?post=3496"}],"version-history":[{"count":1,"href":"https:\/\/votcorect.ro\/locale-2020\/wp-json\/wp\/v2\/posts\/3496\/revisions"}],"predecessor-version":[{"id":3498,"href":"https:\/\/votcorect.ro\/locale-2020\/wp-json\/wp\/v2\/posts\/3496\/revisions\/3498"}],"wp:featuredmedia":[{"embeddable":true,"href":"https:\/\/votcorect.ro\/locale-2020\/wp-json\/wp\/v2\/media\/3497"}],"wp:attachment":[{"href":"https:\/\/votcorect.ro\/locale-2020\/wp-json\/wp\/v2\/media?parent=3496"}],"wp:term":[{"taxonomy":"category","embeddable":true,"href":"https:\/\/votcorect.ro\/locale-2020\/wp-json\/wp\/v2\/categories?post=3496"},{"taxonomy":"post_tag","embeddable":true,"href":"https:\/\/votcorect.ro\/locale-2020\/wp-json\/wp\/v2\/tags?post=3496"}],"curies":[{"name":"wp","href":"https:\/\/api.w.org\/{rel}","templated":true}]}}