{"id":3423,"date":"2020-07-22T08:27:36","date_gmt":"2020-07-22T08:27:36","guid":{"rendered":"https:\/\/votcorect.ro\/locale-2020\/?p=3423"},"modified":"2020-07-22T08:27:59","modified_gmt":"2020-07-22T08:27:59","slug":"cum-vad-partidele-politice-alegerile-din-2020","status":"publish","type":"post","link":"https:\/\/votcorect.ro\/locale-2020\/cum-vad-partidele-politice-alegerile-din-2020\/","title":{"rendered":"Dezbatere \u0219i raport: Cum v\u0103d partidele politice alegerile din 2020?"},"content":{"rendered":"<p>EFOR a discutat cu partidele politice despre viziunea lor cu privire la alegerile locale \u0219i parlamentare din 2020 \u0219i despre m\u0103surile ce trebuie luate pentru a organiza alegerile \u00een siguran\u021b\u0103, \u00een cadrul unei conferin\u021be online care a avut loc pe 4 iunie.<\/p>\n<p>Pute\u021bi g\u0103si \u00een cele ce urmeaz\u0103 ideile exprimate de lideri ai principalelor partide politice, dar \u0219i o list\u0103 de recomand\u0103ri ale EFOR care se refer\u0103 la mai multe etape ale procesului electoral. Demersul nostru are scopul de a pune \u00een prim plan siguran\u021ba \u00een timpul procesului electoral, de a identifica bune practici din alte \u021b\u0103ri care au organizat alegeri, dar \u0219i de a confirma c\u0103 drepturile aleg\u0103torilor, principiile constitu\u021bionale \u0219i standardele interna\u021bionale \u00ee\u0219i p\u0103streaz\u0103 prioritatea. Nu \u00een ultimul r\u00e2nd, consider\u0103m c\u0103 nu putem trece peste aceste provoc\u0103ri f\u0103r\u0103 dialog \u0219i f\u0103r\u0103 consens.<\/p>\n<p>La dezbatere au participat:<\/p>\n<ul>\n<li><strong>Violeta Alexandru \u2013\u00a0<\/strong>Ministrul muncii \u0219i protec\u021biei sociale \/ Pre\u0219edinta Organiza\u021biei Partidului Na\u021bional Liberal Bucure\u0219ti<\/li>\n<li><strong>Cristina Tr\u0103il\u0103<\/strong>\u00a0\u2013 Deputat, Partidul Na\u021bional Liberal (PNL)<\/li>\n<\/ul>\n<ul>\n<li><strong>Florin Petre Manole \u2013\u00a0<\/strong>Deputat, Partidul Social Democrat (PSD)<\/li>\n<li><strong>Dan Barna \u2013\u00a0<\/strong>Pre\u0219edinte, Uniunea Salva\u021bi Rom\u00e2nia (USR)<\/li>\n<li><strong>Eugen Tomac \u2013\u00a0<\/strong>Pre\u0219edinte, Partidul Mi\u0219carea Popular\u0103 (PMP)<\/li>\n<li><strong>Victor Ponta<\/strong>, Pre\u0219edinte, Pro Rom\u00e2nia<\/li>\n<li><strong>Drago\u0219 Tudorache \u2013\u00a0<\/strong>Pre\u0219edinte executiv al Biroului Na\u021bional, Partidul Libertate, Unitate \u0219i Solidaritate (Plus) \/ Europarlamentar<\/li>\n<li><strong>Csoma Botond \u2013\u00a0<\/strong>Deputat, Uniunea Democrat\u0103 Maghiar\u0103 din Rom\u00e2nia (UDMR)<\/li>\n<\/ul>\n<p>Pute\u021bi citi mai pe larg propunerile EFOR \u00een Policy brief 87,\u00a0<em><a href=\"http:\/\/www.expertforum.ro\/alegeri-locale-pandemie-scenarii\/\">Alegerile locale \u00een pandemie. C\u00e2teva scenarii<\/a>, iar\u00a0<a href=\"https:\/\/expertforum.ro\/wp-content\/uploads\/2020\/06\/PB88-partide-politice-1.pdf\">concluziile conferin\u021bei \u00een Policy brief 88<\/a>.<\/em><\/p>\n<p>Cite\u0219te mai multe detalii \u0219i urm\u0103re\u0219te \u00eenregistrarea evenimentului <a href=\"https:\/\/expertforum.ro\/cum-vad-partidele-alegerile-2020\/\">pe site-ul EFOR<\/a>.<\/p>\n","protected":false},"excerpt":{"rendered":"<p>EFOR a discutat cu partidele politice despre viziunea lor cu privire la alegerile locale \u0219i parlamentare din 2020 \u0219i despre m\u0103surile ce trebuie luate pentru a organiza alegerile \u00een siguran\u021b\u0103, \u00een cadrul unei conferin\u021be online care a avut loc pe 4 iunie. Pute\u021bi g\u0103si \u00een cele ce urmeaz\u0103 ideile exprimate de lideri ai principalelor partide [&hellip;]<\/p>\n","protected":false},"author":2,"featured_media":0,"comment_status":"closed","ping_status":"closed","sticky":false,"template":"","format":"standard","meta":{"_acf_changed":false,"footnotes":""},"categories":[1],"tags":[],"class_list":["post-3423","post","type-post","status-publish","format-standard","hentry","category-fara-categorie"],"acf":[],"_links":{"self":[{"href":"https:\/\/votcorect.ro\/locale-2020\/wp-json\/wp\/v2\/posts\/3423","targetHints":{"allow":["GET"]}}],"collection":[{"href":"https:\/\/votcorect.ro\/locale-2020\/wp-json\/wp\/v2\/posts"}],"about":[{"href":"https:\/\/votcorect.ro\/locale-2020\/wp-json\/wp\/v2\/types\/post"}],"author":[{"embeddable":true,"href":"https:\/\/votcorect.ro\/locale-2020\/wp-json\/wp\/v2\/users\/2"}],"replies":[{"embeddable":true,"href":"https:\/\/votcorect.ro\/locale-2020\/wp-json\/wp\/v2\/comments?post=3423"}],"version-history":[{"count":2,"href":"https:\/\/votcorect.ro\/locale-2020\/wp-json\/wp\/v2\/posts\/3423\/revisions"}],"predecessor-version":[{"id":3425,"href":"https:\/\/votcorect.ro\/locale-2020\/wp-json\/wp\/v2\/posts\/3423\/revisions\/3425"}],"wp:attachment":[{"href":"https:\/\/votcorect.ro\/locale-2020\/wp-json\/wp\/v2\/media?parent=3423"}],"wp:term":[{"taxonomy":"category","embeddable":true,"href":"https:\/\/votcorect.ro\/locale-2020\/wp-json\/wp\/v2\/categories?post=3423"},{"taxonomy":"post_tag","embeddable":true,"href":"https:\/\/votcorect.ro\/locale-2020\/wp-json\/wp\/v2\/tags?post=3423"}],"curies":[{"name":"wp","href":"https:\/\/api.w.org\/{rel}","templated":true}]}}