{"id":2844,"date":"2024-05-29T07:52:03","date_gmt":"2024-05-29T07:52:03","guid":{"rendered":"https:\/\/votcorect.ro\/euro-locale-2024\/?p=2844"},"modified":"2024-05-29T07:52:03","modified_gmt":"2024-05-29T07:52:03","slug":"harta-sectiilor-de-votare-din-strainatate-europarlamentare","status":"publish","type":"post","link":"https:\/\/votcorect.ro\/euro-locale-2024\/2024\/05\/29\/harta-sectiilor-de-votare-din-strainatate-europarlamentare\/","title":{"rendered":"Harta sec\u021biilor de votare din str\u0103in\u0103tate \u2013 europarlamentare"},"content":{"rendered":"<p>Harta include sec\u021biile de votare pentru alegerile europarlamentare, aprobate de c\u0103tre Ministerul Afacerilor Externe pentru alegerile din 9 iunie. La alegerile locale nu se poate vota \u00een str\u0103in\u0103tate!<\/p>\n<div class=\"textbox\">\n<h3 style=\"text-align: center;\"><a href=\"https:\/\/www.google.com\/maps\/d\/u\/0\/viewer?mid=1iYsL58h_6EbSTx9oZDfNI6fPVAlQHbY&amp;ll=36.87113291291153%2C54.30026846077622&amp;z=3\">Pentru a c\u0103uta o sec\u021bie pe hart\u0103 ap\u0103sa\u021bi aici.<\/a><\/h3>\n<\/div>\n<p style=\"text-align: center;\"><iframe loading=\"lazy\" src=\"https:\/\/www.google.com\/maps\/d\/u\/0\/embed?mid=1iYsL58h_6EbSTx9oZDfNI6fPVAlQHbY&amp;ehbc=2E312F\" width=\"600\" height=\"750\"><span data-mce-type=\"bookmark\" style=\"display: inline-block; width: 0px; overflow: hidden; line-height: 0;\" class=\"mce_SELRES_start\">\ufeff<\/span><span data-mce-type=\"bookmark\" style=\"display: inline-block; width: 0px; overflow: hidden; line-height: 0;\" class=\"mce_SELRES_start\">\ufeff<\/span><\/iframe><\/p>\n<p>&nbsp;<\/p>\n<div class=\"flourish-embed flourish-table\" data-src=\"visualisation\/17947979\"><script src=\"https:\/\/public.flourish.studio\/resources\/embed.js\"><\/script><\/div>\n<p>Pentru lista complet\u0103 a sec\u021biilor vezi \u0219i\u00a0<a href=\"https:\/\/www.mae.ro\/sites\/default\/files\/file\/anul_2024\/alegeri_2024\/ordin_868_mae.pdf\">Ordinul MAE 868\/10 mai 2024 privind organizarea \u0219i numerotarea sec\u021biilor de votare din str\u0103in\u0103tate la alegerile pentru membrii din Rom\u00e2nia \u00een Parlamentul European din anul 2024<\/a><\/p>\n<p><em>Dac\u0103 identifica\u021bi neconcordan\u021be cu privire la pozi\u021bionarea sec\u021biilor de votare, v\u0103 rog s\u0103 ne scrie\u021bi la electoral@expertforum.ro.<\/em><\/p>\n","protected":false},"excerpt":{"rendered":"<p>Harta include sec\u021biile de votare pentru alegerile europarlamentare, aprobate de c\u0103tre Ministerul Afacerilor Externe pentru alegerile din 9 iunie. La alegerile locale nu se poate vota \u00een str\u0103in\u0103tate! Pentru a c\u0103uta o sec\u021bie pe hart\u0103 ap\u0103sa\u021bi aici. \ufeff\ufeff &nbsp; Pentru lista complet\u0103 a sec\u021biilor vezi \u0219i\u00a0Ordinul MAE 868\/10 mai 2024 privind organizarea \u0219i numerotarea sec\u021biilor [&hellip;]<\/p>\n","protected":false},"author":2,"featured_media":0,"comment_status":"closed","ping_status":"closed","sticky":false,"template":"","format":"standard","meta":{"_acf_changed":false,"footnotes":""},"categories":[1],"tags":[],"class_list":["post-2844","post","type-post","status-publish","format-standard","hentry","category-uncategorized"],"acf":[],"_links":{"self":[{"href":"https:\/\/votcorect.ro\/euro-locale-2024\/wp-json\/wp\/v2\/posts\/2844","targetHints":{"allow":["GET"]}}],"collection":[{"href":"https:\/\/votcorect.ro\/euro-locale-2024\/wp-json\/wp\/v2\/posts"}],"about":[{"href":"https:\/\/votcorect.ro\/euro-locale-2024\/wp-json\/wp\/v2\/types\/post"}],"author":[{"embeddable":true,"href":"https:\/\/votcorect.ro\/euro-locale-2024\/wp-json\/wp\/v2\/users\/2"}],"replies":[{"embeddable":true,"href":"https:\/\/votcorect.ro\/euro-locale-2024\/wp-json\/wp\/v2\/comments?post=2844"}],"version-history":[{"count":1,"href":"https:\/\/votcorect.ro\/euro-locale-2024\/wp-json\/wp\/v2\/posts\/2844\/revisions"}],"predecessor-version":[{"id":2845,"href":"https:\/\/votcorect.ro\/euro-locale-2024\/wp-json\/wp\/v2\/posts\/2844\/revisions\/2845"}],"wp:attachment":[{"href":"https:\/\/votcorect.ro\/euro-locale-2024\/wp-json\/wp\/v2\/media?parent=2844"}],"wp:term":[{"taxonomy":"category","embeddable":true,"href":"https:\/\/votcorect.ro\/euro-locale-2024\/wp-json\/wp\/v2\/categories?post=2844"},{"taxonomy":"post_tag","embeddable":true,"href":"https:\/\/votcorect.ro\/euro-locale-2024\/wp-json\/wp\/v2\/tags?post=2844"}],"curies":[{"name":"wp","href":"https:\/\/api.w.org\/{rel}","templated":true}]}}